{"id":3995,"date":"2022-12-22T12:02:36","date_gmt":"2022-12-22T15:02:36","guid":{"rendered":"https:\/\/planeamiento.uncoma.edu.ar\/?p=3995"},"modified":"2022-12-22T12:02:36","modified_gmt":"2022-12-22T15:02:36","slug":"sintesis-estadistica-2022","status":"publish","type":"post","link":"https:\/\/planeamiento.uncoma.edu.ar\/index.php\/informacion-y-estadisticas\/sintesis-estadistica-2022\/","title":{"rendered":"S\u00cdNTESIS ESTAD\u00cdSTICA 2022"},"content":{"rendered":"<p>La Secretar\u00eda de Planeamiento presenta la s\u00edntesis estad\u00edstica 2022 que re\u00fane informaci\u00f3n de diversas dimensiones: acad\u00e9mica, investigaci\u00f3n, extensi\u00f3n, internacionales, bienestar, recursos humanos.<\/p>\n<p>Para la realizaci\u00f3n de la S\u00edntesis, se utilizaron datos provistos por las distintas \u00e1reas de la Universidad. Agradecemos a todos\/as su colaboraci\u00f3n y celebramos el inicio de la publicaci\u00f3n de estad\u00edsticas educativas.<\/p>\n<p><a href=\"https:\/\/planeamiento.uncoma.edu.ar\/wp-content\/uploads\/2022\/12\/SINTESIS-ESTADISTICA-UNCo-2022.pdf\"><img fetchpriority=\"high\" decoding=\"async\" class=\"size-medium wp-image-4005 aligncenter\" src=\"http:\/\/planeamiento.uncoma.edu.ar\/wp-content\/uploads\/2022\/12\/sintesis-portada-2022-300x216.png\" alt=\"\" width=\"300\" height=\"216\" srcset=\"https:\/\/planeamiento.uncoma.edu.ar\/wp-content\/uploads\/2022\/12\/sintesis-portada-2022-300x216.png 300w, https:\/\/planeamiento.uncoma.edu.ar\/wp-content\/uploads\/2022\/12\/sintesis-portada-2022.png 552w\" sizes=\"(max-width: 300px) 100vw, 300px\" \/><\/a><\/p>\n<p style=\"text-align: center;\">S\u00edntesis estad\u00edstica 2022: <strong><em><a href=\"http:\/\/planeamiento.uncoma.edu.ar\/wp-content\/uploads\/2022\/12\/SINTESIS-ESTADISTICA-UNCo-2022.pdf\" target=\"_blank\" rel=\"noopener\">descargar<\/a><\/em><\/strong><\/p>\n","protected":false},"excerpt":{"rendered":"<p>La Secretar\u00eda de Planeamiento presenta la s\u00edntesis estad\u00edstica 2022 que re\u00fane informaci\u00f3n de diversas dimensiones: acad\u00e9mica, investigaci\u00f3n, extensi\u00f3n, internacionales, bienestar, recursos humanos. Para la realizaci\u00f3n de la S\u00edntesis, se utilizaron datos provistos por las distintas \u00e1reas de la Universidad. Agradecemos a todos\/as su colaboraci\u00f3n y celebramos el inicio de la publicaci\u00f3n de estad\u00edsticas educativas. S\u00edntesis [&hellip;]<\/p>\n","protected":false},"author":2,"featured_media":4005,"comment_status":"open","ping_status":"open","sticky":false,"template":"","format":"standard","meta":{"footnotes":""},"categories":[9,12],"tags":[],"class_list":["post-3995","post","type-post","status-publish","format-standard","has-post-thumbnail","hentry","category-informacion-y-estadisticas","category-novedades"],"_links":{"self":[{"href":"https:\/\/planeamiento.uncoma.edu.ar\/index.php\/wp-json\/wp\/v2\/posts\/3995","targetHints":{"allow":["GET"]}}],"collection":[{"href":"https:\/\/planeamiento.uncoma.edu.ar\/index.php\/wp-json\/wp\/v2\/posts"}],"about":[{"href":"https:\/\/planeamiento.uncoma.edu.ar\/index.php\/wp-json\/wp\/v2\/types\/post"}],"author":[{"embeddable":true,"href":"https:\/\/planeamiento.uncoma.edu.ar\/index.php\/wp-json\/wp\/v2\/users\/2"}],"replies":[{"embeddable":true,"href":"https:\/\/planeamiento.uncoma.edu.ar\/index.php\/wp-json\/wp\/v2\/comments?post=3995"}],"version-history":[{"count":0,"href":"https:\/\/planeamiento.uncoma.edu.ar\/index.php\/wp-json\/wp\/v2\/posts\/3995\/revisions"}],"wp:featuredmedia":[{"embeddable":true,"href":"https:\/\/planeamiento.uncoma.edu.ar\/index.php\/wp-json\/wp\/v2\/media\/4005"}],"wp:attachment":[{"href":"https:\/\/planeamiento.uncoma.edu.ar\/index.php\/wp-json\/wp\/v2\/media?parent=3995"}],"wp:term":[{"taxonomy":"category","embeddable":true,"href":"https:\/\/planeamiento.uncoma.edu.ar\/index.php\/wp-json\/wp\/v2\/categories?post=3995"},{"taxonomy":"post_tag","embeddable":true,"href":"https:\/\/planeamiento.uncoma.edu.ar\/index.php\/wp-json\/wp\/v2\/tags?post=3995"}],"curies":[{"name":"wp","href":"https:\/\/api.w.org\/{rel}","templated":true}]}}