{"id":3988,"date":"2022-10-25T10:02:21","date_gmt":"2022-10-25T13:02:21","guid":{"rendered":"https:\/\/planeamiento.uncoma.edu.ar\/?p=3988"},"modified":"2022-10-25T10:02:21","modified_gmt":"2022-10-25T13:02:21","slug":"curso-ensenanza-hibrida-una-aproximacion-posible","status":"publish","type":"post","link":"https:\/\/planeamiento.uncoma.edu.ar\/index.php\/novedades\/curso-ensenanza-hibrida-una-aproximacion-posible\/","title":{"rendered":"Curso \u00abEnse\u00f1anza H\u00edbrida, una aproximaci\u00f3n posible\u00bb"},"content":{"rendered":"<p><em><span style=\"font-weight: 400;\">Dictado por la Dra. Carina Fracchia y el A.C. Sebasti\u00e1n \u00c1lvarez<\/span><\/em><br \/>\n<span style=\"font-weight: 400;\">El curso se dicta en el marco del Plan VES II (Plan de Virtualizaci\u00f3n de la Educaci\u00f3n Superior II) y pretende propiciar las instancias de ense\u00f1anza en aulas h\u00edbridas mediante la capacitaci\u00f3n a docentes. <\/span><br \/>\n<img fetchpriority=\"high\" decoding=\"async\" class=\"alignright wp-image-4049 size-fusion-400\" src=\"http:\/\/planeamiento.uncoma.edu.ar\/wp-content\/uploads\/2022\/10\/Flyer-Curso-1-400x566.png\" alt=\"\" width=\"400\" height=\"566\" \/><\/p>\n<p><span style=\"font-weight: 400;\">Destinatarios\/as: docentes de la UNCo\u00a0<\/span><\/p>\n<p><span style=\"font-weight: 400;\">Fechas: mi\u00e9rcoles 9\/11, 16\/11, 23\/11 y 30\/11<\/span><br \/>\n<span style=\"font-weight: 400;\">Horario: de 18 a 20.30 hs.<\/span><\/p>\n<p><span style=\"font-weight: 400;\">Modalidad: h\u00edbrida <\/span><\/p>\n<p><span style=\"font-weight: 400;\">Carga horaria: 30 hs.<\/span><\/p>\n<p><span style=\"font-weight: 400;\"><strong>Curso no arancelado.<\/strong> Con cupo limitado<\/span><\/p>\n<p><span style=\"font-weight: 400;\">Se entregar\u00e1n certificados de asistencia y aprobaci\u00f3n<\/span><\/p>\n<p><span style=\"font-weight: 400;\">Contenidos m\u00ednimos: Caracter\u00edsticas de las modalidades educativas semi presencial y a distancia. Aula invertida. Ambientes y plataformas virtuales. Recursos digitales y recursos digitales educativos abiertos. Pedagog\u00edas emergentes. Estrategias de hibridaci\u00f3n.<\/span><\/p>\n","protected":false},"excerpt":{"rendered":"<p>Dictado por la Dra. Carina Fracchia y el A.C. Sebasti\u00e1n \u00c1lvarez El curso se dicta en el marco del Plan VES II (Plan de Virtualizaci\u00f3n de la Educaci\u00f3n Superior II) y pretende propiciar las instancias de ense\u00f1anza en aulas h\u00edbridas mediante la capacitaci\u00f3n a docentes. Destinatarios\/as: docentes de la UNCo\u00a0 Fechas: mi\u00e9rcoles 9\/11, 16\/11, 23\/11 [&hellip;]<\/p>\n","protected":false},"author":2,"featured_media":3989,"comment_status":"open","ping_status":"open","sticky":false,"template":"","format":"standard","meta":{"footnotes":""},"categories":[12,14],"tags":[],"class_list":["post-3988","post","type-post","status-publish","format-standard","has-post-thumbnail","hentry","category-novedades","category-plan-ves"],"_links":{"self":[{"href":"https:\/\/planeamiento.uncoma.edu.ar\/index.php\/wp-json\/wp\/v2\/posts\/3988","targetHints":{"allow":["GET"]}}],"collection":[{"href":"https:\/\/planeamiento.uncoma.edu.ar\/index.php\/wp-json\/wp\/v2\/posts"}],"about":[{"href":"https:\/\/planeamiento.uncoma.edu.ar\/index.php\/wp-json\/wp\/v2\/types\/post"}],"author":[{"embeddable":true,"href":"https:\/\/planeamiento.uncoma.edu.ar\/index.php\/wp-json\/wp\/v2\/users\/2"}],"replies":[{"embeddable":true,"href":"https:\/\/planeamiento.uncoma.edu.ar\/index.php\/wp-json\/wp\/v2\/comments?post=3988"}],"version-history":[{"count":0,"href":"https:\/\/planeamiento.uncoma.edu.ar\/index.php\/wp-json\/wp\/v2\/posts\/3988\/revisions"}],"wp:featuredmedia":[{"embeddable":true,"href":"https:\/\/planeamiento.uncoma.edu.ar\/index.php\/wp-json\/wp\/v2\/media\/3989"}],"wp:attachment":[{"href":"https:\/\/planeamiento.uncoma.edu.ar\/index.php\/wp-json\/wp\/v2\/media?parent=3988"}],"wp:term":[{"taxonomy":"category","embeddable":true,"href":"https:\/\/planeamiento.uncoma.edu.ar\/index.php\/wp-json\/wp\/v2\/categories?post=3988"},{"taxonomy":"post_tag","embeddable":true,"href":"https:\/\/planeamiento.uncoma.edu.ar\/index.php\/wp-json\/wp\/v2\/tags?post=3988"}],"curies":[{"name":"wp","href":"https:\/\/api.w.org\/{rel}","templated":true}]}}